{"id":784,"date":"2017-06-05T01:09:26","date_gmt":"2017-06-04T23:09:26","guid":{"rendered":"https:\/\/www.basketclubs.es\/ubpuertocruz\/?post_type=news&#038;p=784"},"modified":"2017-06-05T01:09:26","modified_gmt":"2017-06-04T23:09:26","slug":"nuestros-prebenjamines-acaban-la-temporada-con-victoria","status":"publish","type":"news","link":"https:\/\/www.basketclubs.es\/ubpuertocruz\/news\/nuestros-prebenjamines-acaban-la-temporada-con-victoria\/","title":{"rendered":"Nuestros Prebenjamines acaban la temporada con victoria."},"content":{"rendered":"<p>Nuestro Prebenjam\u00edn termin\u00f3 este pasado jueves en casa con una victoria ante el CB San Isidro, el partido fue muy parecido al \u00faltimo jugado con ellos en la orotava, donde los nuestros compiten a un gran nivel\u00a0 y hacen un muy buen baloncesto dominando el partido de principio a fin.<\/p>\n<p>Con esta victoria este grupo queda tercer clasificado de su categor\u00eda. Un gran fina para una gran temporada de los pupilos de Aar\u00f3n y Jose.<\/p>\n<p>Seguimos Creciendo<\/p>\n","protected":false},"excerpt":{"rendered":"<p>Nuestro Prebenjam\u00edn termin\u00f3 este pasado jueves en casa con una victoria ante el CB San Isidro, el partido fue muy parecido al \u00faltimo jugado con ellos en la orotava, donde los nuestros compiten a un gran nivel\u00a0 y hacen un muy buen baloncesto dominando el partido de principio a fin. Con esta victoria este grupo [&hellip;]<\/p>\n","protected":false},"template":"","class_list":["post-784","news","type-news","status-publish","hentry","newscat-homepage"],"_links":{"self":[{"href":"https:\/\/www.basketclubs.es\/ubpuertocruz\/wp-json\/wp\/v2\/api-news\/784","targetHints":{"allow":["GET"]}}],"collection":[{"href":"https:\/\/www.basketclubs.es\/ubpuertocruz\/wp-json\/wp\/v2\/api-news"}],"about":[{"href":"https:\/\/www.basketclubs.es\/ubpuertocruz\/wp-json\/wp\/v2\/types\/news"}],"wp:attachment":[{"href":"https:\/\/www.basketclubs.es\/ubpuertocruz\/wp-json\/wp\/v2\/media?parent=784"}],"curies":[{"name":"wp","href":"https:\/\/api.w.org\/{rel}","templated":true}]}}