{"id":458,"date":"2021-01-12T14:50:27","date_gmt":"2021-01-12T13:50:27","guid":{"rendered":"https:\/\/www.basketclubs.es\/marrazoak\/?post_type=news&#038;p=458"},"modified":"2021-01-12T14:50:27","modified_gmt":"2021-01-12T13:50:27","slug":"vuelve-la-competicion","status":"publish","type":"news","link":"https:\/\/www.basketclubs.es\/marrazoak\/news\/vuelve-la-competicion\/","title":{"rendered":"Vuelve la competici\u00f3n"},"content":{"rendered":"<p>Tras la reuni\u00f3n del LABI celebrada ayer 11, el Gobierno Vasco vuelve a permitir la competici\u00f3n federada, medida que entrar\u00e1 en vigor ma\u00f1ana mi\u00e9rcoles. A continuaci\u00f3n se a\u00f1aden las cuestiones m\u00e1s relevantes:<\/p>\n<ul>\n<li>La pr\u00e1ctica deportiva estar\u00e1 permitida en aquellos municipios con una incidencia acumulada en los \u00faltimos d\u00edas inferior a 500 casos por 100.000 habitantes.<\/li>\n<li>El uso de la mascarilla ser\u00e1 obligatoria salvo en el momento de la actividad f\u00edsica y competici\u00f3n.<\/li>\n<li>Est\u00e1n permitidos los entrenamientos y competiciones profesionales y federadas.<\/li>\n<li>Las competiciones se llevar\u00e1n a cabo a puerta cerrada.<\/li>\n<\/ul>\n<p>Se a\u00f1ade el texto del decreto 1\/2021 en lo que a deporte se refiere:<\/p>\n<blockquote><p><em>En el desarrollo de cualquier actividad deportiva ser\u00e1 preceptivo el uso de mascarilla. \u00danicamente, queda exceptuado su uso en espacios naturales, en entornos urbanos perif\u00e9ricos sin concurrencia de viandantes, en piscinas, en los momentos extraordinarios de actividad f\u00edsica intensa y en competici\u00f3n.<\/em><\/p>\n<p><em>En aquellos municipios con la Tasa de Incidencia Acumulada de casos positivos por COVID-19 en\u00a0los \u00faltimos 14 d\u00edas que sea inferior a 500 por cada 100.000 habitantes, la pr\u00e1ctica deportiva se podr\u00e1 desarrollar conforme a las siguientes reglas:<\/em><\/p>\n<p><em>\u2013 La pr\u00e1ctica de la actividad f\u00edsica y deportiva no federada, al aire libre, podr\u00e1 realizarse de forma individual o colectiva, sin contacto f\u00edsico, y en grupos de hasta un m\u00e1ximo de 6 personas de forma simult\u00e1nea.<\/em><\/p>\n<p><em>\u2013 Se podr\u00e1n realizar los entrenamientos y competiciones deportivas de los equipos inmersos en competici\u00f3n profesional y federada. Corresponde a cada federaci\u00f3n en su \u00e1mbito y, en su caso, a las entidades responsables de cada competici\u00f3n velar por el estricto cumplimiento de las medidas y protocolos de prevenci\u00f3n.<\/em><\/p>\n<p><em>\u2013 Se podr\u00e1n reanudar los entrenamientos de deporte escolar que deber\u00e1n organizarse en grupos de seis personas como m\u00e1ximo, sin variar su composici\u00f3n y no pudi\u00e9ndose hacer uso de vestuarios. Todo ello en el plazo que sea posible disponer de las instalaciones municipales necesarias.<\/em><\/p>\n<p><em>\u2013 En los entrenamientos, desplazamientos y momentos anteriores y posteriores a la pr\u00e1ctica de deportes de equipo se guardar\u00e1n las medidas de prevenci\u00f3n b\u00e1sicas de mantenimiento de la distancia interpersonal de seguridad de 1,5 metros, grupos de seis personas y uso de mascarilla.<\/em><\/p>\n<p><em>\u2013 En las instalaciones deportivas, incluidas las piscinas, el aforo m\u00e1ximo permitido ser\u00e1 del 50 % de su capacidad autorizada. La pr\u00e1ctica deportiva podr\u00e1 realizarse de forma individual o colectiva, como m\u00e1ximo en grupos de 6 personas. En las clases que se impartan de forma grupal, el n\u00famero m\u00e1ximo de participantes ser\u00e1 de 6 personas por grupo, respet\u00e1ndose en el espacio que se impartan el aforo m\u00e1ximo establecido.<\/em><\/p>\n<p><em>\u2013 Se permite el uso de vestuarios con una ocupaci\u00f3n del 30 por ciento de su aforo m\u00e1ximo. Estar\u00e1 permitida as\u00ed mismo la utilizaci\u00f3n de duchas siempre que su uso sea individual. El uso de la mascarilla ser\u00e1 obligatorio excepto en el momento de la ducha y se respetar\u00e1 en todo momento la distancia de seguridad entre personas usuarias. Los vestuarios deber\u00e1n ventilarse de manera continua durante su uso y, adem\u00e1s, antes de su apertura y despu\u00e9s de su cierre. Si la ventilaci\u00f3n es mec\u00e1nica, se deber\u00e1 maximizar la entrada de aire exterior y evitar la recirculaci\u00f3n del aire.<\/em><\/p>\n<p><em>\u2013 Se proh\u00edbe la asistencia de p\u00fablico a eventos deportivos.<\/em><\/p>\n<p><em>En municipios con la Tasa de Incidencia Acumulada de casos positivos por COVID-19 en los\u00a0\u00faltimos 14 d\u00edas que sea igual o superior a 500 por cada 100.000 habitantes, queda suspendida\u00a0cualquier tipo de actividad deportiva en grupo, tanto en entrenamiento como en competici\u00f3n.\u00a0Quedan exceptuados, pudi\u00e9ndose realizar, los entrenamientos y competiciones deportivas de los\u00a0equipos inmersos en competici\u00f3n profesional o semi-profesional, cursos o actividades programadas\u00a0en gimnasios, clubs deportivos o polideportivos y la pr\u00e1ctica de la actividad f\u00edsica y deportiva,\u00a0al aire libre y en grupos de hasta seis personas. En la p\u00e1gina web del Departamento de Salud\u00a0(https:\/\/www.euskadi.eus) se divulgar\u00e1 los lunes y jueves de cada semana una resoluci\u00f3n de la\u00a0Directora de Salud P\u00fablica y Adicciones con la relaci\u00f3n de las Tasas por municipio, siendo eficaz\u00a0su referencia a efectos de lo previsto en este apartado a partir del d\u00eda siguiente.<\/em><\/p><\/blockquote>\n","protected":false},"excerpt":{"rendered":"<p>Tras la reuni\u00f3n del LABI celebrada ayer 11, el Gobierno Vasco vuelve a permitir la competici\u00f3n federada, medida que entrar\u00e1 en vigor ma\u00f1ana mi\u00e9rcoles. A continuaci\u00f3n se a\u00f1aden las cuestiones m\u00e1s relevantes: La pr\u00e1ctica deportiva estar\u00e1 permitida en aquellos municipios con una incidencia acumulada en los \u00faltimos d\u00edas inferior a 500 casos por 100.000 habitantes. [&hellip;]<\/p>\n","protected":false},"template":"","class_list":["post-458","news","type-news","status-publish","hentry","newscat-homepage","newscat-press","newscat-lastnews"],"_links":{"self":[{"href":"https:\/\/www.basketclubs.es\/marrazoak\/wp-json\/wp\/v2\/api-news\/458","targetHints":{"allow":["GET"]}}],"collection":[{"href":"https:\/\/www.basketclubs.es\/marrazoak\/wp-json\/wp\/v2\/api-news"}],"about":[{"href":"https:\/\/www.basketclubs.es\/marrazoak\/wp-json\/wp\/v2\/types\/news"}],"wp:attachment":[{"href":"https:\/\/www.basketclubs.es\/marrazoak\/wp-json\/wp\/v2\/media?parent=458"}],"curies":[{"name":"wp","href":"https:\/\/api.w.org\/{rel}","templated":true}]}}